{"id":831,"date":"2018-09-09T19:46:09","date_gmt":"2018-09-09T17:46:09","guid":{"rendered":"http:\/\/fdvseyssins.fr\/wordpress\/?p=831"},"modified":"2018-09-09T19:46:09","modified_gmt":"2018-09-09T17:46:09","slug":"modification-du-bureau-septembre-2018","status":"publish","type":"post","link":"https:\/\/fdvseyssins.fr\/wordpress\/modification-du-bureau-septembre-2018\/","title":{"rendered":"Modification du bureau (septembre 2018)"},"content":{"rendered":"<p><strong>D\u00e9part du bureau:<\/strong><\/p>\n<p>Claire nous a inform\u00e9 qu&rsquo;elle souhaitait quitter le bureau (pour raisons personnelles).<\/p>\n<p>Claire avait rejoint le club il y a plusieurs saisons et s&rsquo;\u00e9tait largement investie dans la vie des Fous du Volant en int\u00e9grant le bureau et en prenant en charge du cr\u00e9neau du samedi (entre autre).<\/p>\n<p>Claire, l&rsquo;ensemble du bureau se joint \u00e0 moi et te remercie pour l&rsquo;aide importante que tu nous as apport\u00e9 pendant ces derni\u00e8res ann\u00e9es.<br \/>\nNous esp\u00e9rons tous te revoir tr\u00e8s bient\u00f4t avec une raquette \u00e0 la main \ud83d\ude42<\/p>\n<p>&nbsp;<\/p>\n<p><strong>Arriv\u00e9e au bureau:<\/strong><\/p>\n<p>Nous avons le plaisir d&rsquo;accueillir Kevin dans le bureau.<\/p>\n<p>Kevin est un membre assidu des Fous du Volant depuis une dizaine d&rsquo;ann\u00e9e (c&rsquo;\u00e9tait un des plus jeunes joueurs \u00e0 son arriv\u00e9e \ud83d\ude42<\/p>\n<p>Kevin, nous aidait d\u00e9j\u00e0 dans l&rsquo;organisation et le suivi de certains cr\u00e9neaux.<br \/>\nNous sommes tr\u00e8s heureux qu&rsquo;il ait accept\u00e9 de nous rejoindre, et il devient le repr\u00e9sentant du samedi au bureau.<\/p>\n<p>Bienvenu Kevin.<\/p>\n<p>&nbsp;<\/p>\n","protected":false},"excerpt":{"rendered":"<p>D\u00e9part du bureau: Claire nous a inform\u00e9 qu&rsquo;elle souhaitait quitter le bureau (pour raisons personnelles). Claire avait rejoint le club il y a plusieurs saisons et s&rsquo;\u00e9tait largement investie dans la vie des Fous du Volant en int\u00e9grant le bureau et en prenant en charge du cr\u00e9neau du samedi (entre autre). Claire, l&rsquo;ensemble du bureau &hellip; <a href=\"https:\/\/fdvseyssins.fr\/wordpress\/modification-du-bureau-septembre-2018\/\" class=\"more-link\">Continuer la lecture de <span class=\"screen-reader-text\">Modification du bureau (septembre 2018)<\/span>  <span class=\"meta-nav\">&rarr;<\/span><\/a><\/p>\n","protected":false},"author":1,"featured_media":8,"comment_status":"open","ping_status":"open","sticky":false,"template":"","format":"aside","meta":{"footnotes":""},"categories":[38],"tags":[62,27],"class_list":["post-831","post","type-post","status-publish","format-aside","has-post-thumbnail","hentry","category-bureau-lassociation","tag-a-la-une","tag-bureau","post_format-post-format-aside"],"_links":{"self":[{"href":"https:\/\/fdvseyssins.fr\/wordpress\/wp-json\/wp\/v2\/posts\/831","targetHints":{"allow":["GET"]}}],"collection":[{"href":"https:\/\/fdvseyssins.fr\/wordpress\/wp-json\/wp\/v2\/posts"}],"about":[{"href":"https:\/\/fdvseyssins.fr\/wordpress\/wp-json\/wp\/v2\/types\/post"}],"author":[{"embeddable":true,"href":"https:\/\/fdvseyssins.fr\/wordpress\/wp-json\/wp\/v2\/users\/1"}],"replies":[{"embeddable":true,"href":"https:\/\/fdvseyssins.fr\/wordpress\/wp-json\/wp\/v2\/comments?post=831"}],"version-history":[{"count":1,"href":"https:\/\/fdvseyssins.fr\/wordpress\/wp-json\/wp\/v2\/posts\/831\/revisions"}],"predecessor-version":[{"id":832,"href":"https:\/\/fdvseyssins.fr\/wordpress\/wp-json\/wp\/v2\/posts\/831\/revisions\/832"}],"wp:featuredmedia":[{"embeddable":true,"href":"https:\/\/fdvseyssins.fr\/wordpress\/wp-json\/wp\/v2\/media\/8"}],"wp:attachment":[{"href":"https:\/\/fdvseyssins.fr\/wordpress\/wp-json\/wp\/v2\/media?parent=831"}],"wp:term":[{"taxonomy":"category","embeddable":true,"href":"https:\/\/fdvseyssins.fr\/wordpress\/wp-json\/wp\/v2\/categories?post=831"},{"taxonomy":"post_tag","embeddable":true,"href":"https:\/\/fdvseyssins.fr\/wordpress\/wp-json\/wp\/v2\/tags?post=831"}],"curies":[{"name":"wp","href":"https:\/\/api.w.org\/{rel}","templated":true}]}}