{"id":812,"date":"2018-09-08T10:38:24","date_gmt":"2018-09-08T08:38:24","guid":{"rendered":"http:\/\/fdvseyssins.fr\/wordpress\/?p=812"},"modified":"2018-09-08T10:38:35","modified_gmt":"2018-09-08T08:38:35","slug":"ouverture-de-la-saison-2018-2019","status":"publish","type":"post","link":"https:\/\/fdvseyssins.fr\/wordpress\/ouverture-de-la-saison-2018-2019\/","title":{"rendered":"Ouverture de la saison 2018 &#8211; 2019"},"content":{"rendered":"<p>La nouvelle saison d\u00e9marre, voici quelques informations sur notre club qui devraient r\u00e9pondre \u00e0 une grande partie des questions que se posent l\u00e9gitimement les personnes qui ne nous connaissent pas (et les autres aussi &#x1f642; )<\/p>\n<p>Nous sommes un club \u00e0 100% loisir adulte, et nous ne sommes pas affili\u00e9s \u00e0 la f\u00e9d\u00e9ration.<br \/>\nNous nous retrouvons sur un cr\u00e9neau par semaine pour jouer ensemble.<\/p>\n<p>Nous n\u2019assurons pas de cours, mais les \u00ab\u00a0anciens\u00a0\u00bb sont l\u00e0 pour vous donner des conseils<\/p>\n<p>Nous n\u2019encadrons pas non plus les mineurs.<br \/>\nLes mineurs peuvent s\u2019inscrire avec leurs parents et restent sous la responsabilit\u00e9 des parents.<br \/>\nNous d\u00e9conseillons l\u2019inscription aux enfants de moins de 15 ans<\/p>\n<p>Pour cette saison (2018-2019) les cr\u00e9neaux disponibles sont :<\/p>\n<p>Gymnase Jean Beauvallet \u00e0 Seyssins<br \/>\nle lundi de 20h\u00e0 22h<br \/>\nle mardi de 20h \u00e0 22h<br \/>\nle mercredi de 20h30 \u00e0 22h<br \/>\nle jeudi de 20 \u00e0 22h<\/p>\n<p>Gymnase Aristide Berges \u00e0 Seyssinet<br \/>\nle samedi de 10h \u00e0 12h<\/p>\n<p>Les joueurs s\u2019inscrivent sur un cr\u00e9neau et doivent s\u2019y tenir<br \/>\n(sauf cas exceptionnels g\u00e9r\u00e9s par le bureau\u2026)<\/p>\n<p>Pour permettre aux adh\u00e9rents des diff\u00e9rents cr\u00e9neaux de se rencontrer, nous organisons g\u00e9n\u00e9ralement un tournoi par trimestre.<br \/>\nCes tournois sont internes au club et m\u00eame si nous avons tous envie de gagner contre nos copains et copines (oui les matchs sont le plus souvent mixtes)\u2026 les matchs restent amicaux (enfin\u2026 je pense &#x1f642; ).<\/p>\n<p>Comme tous les ans, nous limiterons le nombre d\u2019inscription \u00e0 chaque cr\u00e9neau.<br \/>\nHabituellement, les cr\u00e9neaux sont remplis d\u00e8s le forum des associations de Seyssins.<\/p>\n<p>Modalit\u00e9s d\u2019inscription:<\/p>\n<p>Les nouvelles inscriptions se font pendant le forum des associations de Seyssins.<br \/>\nIl est pr\u00e9vu cette ann\u00e9e le 8 septembre (2018) au Prisme de Seyssins<\/p>\n<p>Si \u00e0 l&rsquo;issue du forum, il reste des places disponibles, vous pourrez vous inscrire en venant directement sur le cr\u00e9neau qui vous int\u00e9resse.<br \/>\nNous vous invitons \u00e0 prendre contact avec nous (par la messagerie de ce site) pour v\u00e9rifier s&rsquo;il reste de la place sur les cr\u00e9neaux.<\/p>\n<p>Pour enregistrer la demande d\u2019inscription, il vous sera demand\u00e9 un ch\u00e8que du montant de l\u2019adh\u00e9sion.<\/p>\n<p>Cette ann\u00e9e l\u2019adh\u00e9sion restera de 60 Euro par adulte et 45 Euro pour les moins de 18 ans.<br \/>\nIl n\u2019y a pas de tarif \u00ab groupe \u00bb ni \u00ab Famille \u00bb<\/p>\n<p>Un certificat m\u00e9dical de non contre-indication au badminton est indispensable pour valider toute nouvelle inscription.<br \/>\nIl est souhaitable que ce certificat soit remis lors de l\u2019inscription, nous acceptons qu\u2019il soit fourni avant la fin septembre.<br \/>\nSans certificat m\u00e9dical fourni fin septembre, l\u2019inscription sera annul\u00e9e et la place attribu\u00e9e \u00e0 une personne en liste d\u2019attente.<\/p>\n<p>Joyeusement et \u2026 Badmintonement \u2026 &#x1f642;<\/p>\n","protected":false},"excerpt":{"rendered":"<p>La nouvelle saison d\u00e9marre, voici quelques informations sur notre club qui devraient r\u00e9pondre \u00e0 une grande partie des questions que se posent l\u00e9gitimement les personnes qui ne nous connaissent pas (et les autres aussi &#x1f642; ) Nous sommes un club \u00e0 100% loisir adulte, et nous ne sommes pas affili\u00e9s \u00e0 la f\u00e9d\u00e9ration. Nous nous &hellip; <a href=\"https:\/\/fdvseyssins.fr\/wordpress\/ouverture-de-la-saison-2018-2019\/\" class=\"more-link\">Continuer la lecture de <span class=\"screen-reader-text\">Ouverture de la saison 2018 &#8211; 2019<\/span>  <span class=\"meta-nav\">&rarr;<\/span><\/a><\/p>\n","protected":false},"author":1,"featured_media":8,"comment_status":"open","ping_status":"open","sticky":false,"template":"","format":"aside","meta":{"footnotes":""},"categories":[3,1,73],"tags":[62,36,98],"class_list":["post-812","post","type-post","status-publish","format-aside","has-post-thumbnail","hentry","category-creneaux","category-_divers","category-inscriptions","tag-a-la-une","tag-inscription","tag-saison-2018-2019","post_format-post-format-aside"],"_links":{"self":[{"href":"https:\/\/fdvseyssins.fr\/wordpress\/wp-json\/wp\/v2\/posts\/812","targetHints":{"allow":["GET"]}}],"collection":[{"href":"https:\/\/fdvseyssins.fr\/wordpress\/wp-json\/wp\/v2\/posts"}],"about":[{"href":"https:\/\/fdvseyssins.fr\/wordpress\/wp-json\/wp\/v2\/types\/post"}],"author":[{"embeddable":true,"href":"https:\/\/fdvseyssins.fr\/wordpress\/wp-json\/wp\/v2\/users\/1"}],"replies":[{"embeddable":true,"href":"https:\/\/fdvseyssins.fr\/wordpress\/wp-json\/wp\/v2\/comments?post=812"}],"version-history":[{"count":3,"href":"https:\/\/fdvseyssins.fr\/wordpress\/wp-json\/wp\/v2\/posts\/812\/revisions"}],"predecessor-version":[{"id":816,"href":"https:\/\/fdvseyssins.fr\/wordpress\/wp-json\/wp\/v2\/posts\/812\/revisions\/816"}],"wp:featuredmedia":[{"embeddable":true,"href":"https:\/\/fdvseyssins.fr\/wordpress\/wp-json\/wp\/v2\/media\/8"}],"wp:attachment":[{"href":"https:\/\/fdvseyssins.fr\/wordpress\/wp-json\/wp\/v2\/media?parent=812"}],"wp:term":[{"taxonomy":"category","embeddable":true,"href":"https:\/\/fdvseyssins.fr\/wordpress\/wp-json\/wp\/v2\/categories?post=812"},{"taxonomy":"post_tag","embeddable":true,"href":"https:\/\/fdvseyssins.fr\/wordpress\/wp-json\/wp\/v2\/tags?post=812"}],"curies":[{"name":"wp","href":"https:\/\/api.w.org\/{rel}","templated":true}]}}