{"id":710,"date":"2017-10-22T12:46:45","date_gmt":"2017-10-22T10:46:45","guid":{"rendered":"http:\/\/fdvseyssins.fr\/wordpress\/?p=710"},"modified":"2017-10-22T12:46:45","modified_gmt":"2017-10-22T10:46:45","slug":"vacances-de-la-toussaint-2017","status":"publish","type":"post","link":"https:\/\/fdvseyssins.fr\/wordpress\/vacances-de-la-toussaint-2017\/","title":{"rendered":"Vacances de la Toussaint 2017"},"content":{"rendered":"<p>Pour rappel, comme pour toutes les p\u00e9riodes de vacances scolaires, nous n&rsquo;avons pas acc\u00e8s aux gymnases pendant la p\u00e9riodes des vacances de la Toussaint (du 21\/10 au 5\/11 inclus).<\/p>\n<p>Rendez-vous dans vos cr\u00e9neaux respectifs \u00e0 partir du lundi 6 novembre<\/p>\n<p>Bonnes vacances \u00e0 tous et toutes.<\/p>\n","protected":false},"excerpt":{"rendered":"<p>Pour rappel, comme pour toutes les p\u00e9riodes de vacances scolaires, nous n&rsquo;avons pas acc\u00e8s aux gymnases pendant la p\u00e9riodes des vacances de la Toussaint (du 21\/10 au 5\/11 inclus). Rendez-vous dans vos cr\u00e9neaux respectifs \u00e0 partir du lundi 6 novembre Bonnes vacances \u00e0 tous et toutes.<\/p>\n","protected":false},"author":1,"featured_media":0,"comment_status":"open","ping_status":"open","sticky":false,"template":"","format":"aside","meta":{"footnotes":""},"categories":[3],"tags":[11,95,70],"class_list":["post-710","post","type-post","status-publish","format-aside","hentry","category-creneaux","tag-creneau","tag-saison-2017-2018","tag-vacances-scolaires","post_format-post-format-aside"],"_links":{"self":[{"href":"https:\/\/fdvseyssins.fr\/wordpress\/wp-json\/wp\/v2\/posts\/710","targetHints":{"allow":["GET"]}}],"collection":[{"href":"https:\/\/fdvseyssins.fr\/wordpress\/wp-json\/wp\/v2\/posts"}],"about":[{"href":"https:\/\/fdvseyssins.fr\/wordpress\/wp-json\/wp\/v2\/types\/post"}],"author":[{"embeddable":true,"href":"https:\/\/fdvseyssins.fr\/wordpress\/wp-json\/wp\/v2\/users\/1"}],"replies":[{"embeddable":true,"href":"https:\/\/fdvseyssins.fr\/wordpress\/wp-json\/wp\/v2\/comments?post=710"}],"version-history":[{"count":1,"href":"https:\/\/fdvseyssins.fr\/wordpress\/wp-json\/wp\/v2\/posts\/710\/revisions"}],"predecessor-version":[{"id":711,"href":"https:\/\/fdvseyssins.fr\/wordpress\/wp-json\/wp\/v2\/posts\/710\/revisions\/711"}],"wp:attachment":[{"href":"https:\/\/fdvseyssins.fr\/wordpress\/wp-json\/wp\/v2\/media?parent=710"}],"wp:term":[{"taxonomy":"category","embeddable":true,"href":"https:\/\/fdvseyssins.fr\/wordpress\/wp-json\/wp\/v2\/categories?post=710"},{"taxonomy":"post_tag","embeddable":true,"href":"https:\/\/fdvseyssins.fr\/wordpress\/wp-json\/wp\/v2\/tags?post=710"}],"curies":[{"name":"wp","href":"https:\/\/api.w.org\/{rel}","templated":true}]}}