{"id":698,"date":"2017-08-22T21:39:18","date_gmt":"2017-08-22T19:39:18","guid":{"rendered":"http:\/\/fdvseyssins.fr\/wordpress\/?p=698"},"modified":"2017-08-22T21:39:18","modified_gmt":"2017-08-22T19:39:18","slug":"ouverture-de-la-saison-2017-2018","status":"publish","type":"post","link":"https:\/\/fdvseyssins.fr\/wordpress\/ouverture-de-la-saison-2017-2018\/","title":{"rendered":"Ouverture de la Saison 2017-2018"},"content":{"rendered":"<p>Voici quelques informations sur notre club.<br \/>\nCeci r\u00e9pondra \u00e0 une grande partie des questions que se posent l\u00e9gitimement les personnes qui ne nous connaissent pas (et les autres aussi &#x1f642; )<\/p>\n<p>Nous sommes un club \u00e0 100% loisir adulte, et nous ne sommes pas affili\u00e9s \u00e0 la f\u00e9d\u00e9ration.<br \/>\nNous nous retrouvons sur un cr\u00e9neau par semaine pour jouer ensemble.<\/p>\n<p>Nous n\u2019assurons pas de cours, mais il est possible que nous organisions une s\u00e9ance d&rsquo;initiation. Les modalit\u00e9s seront d\u00e9finies avec Richard (notre Coach de l&rsquo;an pass\u00e9).<\/p>\n<p><strong>Nous n\u2019encadrons pas non plus les mineurs.<\/strong><br \/>\nLes mineurs peuvent s\u2019inscrire avec leurs parents et restent sous la responsabilit\u00e9 des parents.<br \/>\nNous d\u00e9conseillons l\u2019inscription aux enfants de moins de 15 ans<\/p>\n<p>Pour cette saison (2017-2018) les cr\u00e9neaux disponibles sont :<\/p>\n<p>Gymnase Jean Beauvallet \u00e0 Seyssins<br \/>\nle lundi de 20h\u00e0 22h<br \/>\nle mardi de 20h \u00e0 22h<br \/>\nle mercredi de 20h30 \u00e0 22h<br \/>\nle jeudi de 20 \u00e0 22h<\/p>\n<p>Gymnase Aristide Berges \u00e0 Seyssinet<br \/>\nle samedi de 10h \u00e0 12h<\/p>\n<p>Les joueurs s\u2019inscrivent sur un cr\u00e9neau et doivent s\u2019y tenir<br \/>\n(sauf cas exceptionnels g\u00e9r\u00e9s par le bureau\u2026)<\/p>\n<p>Pour permettre aux adh\u00e9rents des diff\u00e9rents cr\u00e9neaux de se rencontrer, nous organisons g\u00e9n\u00e9ralement un tournoi par trimestre.<br \/>\nCes tournois sont internes au club et m\u00eame si nous avons tous envie de gagner contre nos copains et copines (oui les matchs sont le plus souvent mixtes)\u2026 les matchs restent amicaux (enfin\u2026 je pense &#x1f642; ).<\/p>\n<p>Comme tous les ans, nous limiterons le nombre d\u2019inscription \u00e0 chaque cr\u00e9neau.<br \/>\nHabituellement, les cr\u00e9neaux sont remplis d\u00e8s le forum des associations de Seyssins.<\/p>\n<p>Modalit\u00e9s d\u2019inscription:<\/p>\n<p><strong>Les nouvelles inscriptions se font pendant le forum des associations de Seyssins.<\/strong><br \/>\n<strong> Il est pr\u00e9vu le 9 septembre au Prisme de Seyssins<\/strong><\/p>\n<p>Pour enregistrer la demande d\u2019inscription, il vous sera demand\u00e9 un ch\u00e8que du montant de l\u2019adh\u00e9sion.<\/p>\n<p><strong>Cette ann\u00e9e l&rsquo;adh\u00e9sion sera de 60 Euro par adulte et 45 Euro pour les moins de 18 ans.<\/strong><br \/>\nCette augmentation est due \u00e0 la contribution du club aupr\u00e8s de la Mairie pour les charges de fonctionnement des gymnases (nettoyage, \u00e9lectricit\u00e9, r\u00e9paration et frais divers&#8230;)<br \/>\n(il n\u2019y a pas de tarif \u00ab groupe \u00bb ni \u00ab Famille \u00bb)<\/p>\n<p>Un certificat m\u00e9dical de non contre-indication au badminton est indispensable pour valider toute nouvelle inscription.<br \/>\nIl est souhaitable que ce certificat soit remis lors de l\u2019inscription, nous acceptons qu\u2019il soit fourni avant la fin septembre.<br \/>\nSans certificat m\u00e9dical fourni fin septembre, l\u2019inscription sera annul\u00e9e et la place attribu\u00e9e \u00e0 une personne en liste d\u2019attente.<\/p>\n<p>C\u2019est avec plaisir que nous vous accueillerons sur notre stand du Forum des associations, samedi 9 septembre au Prisme de Seyssins.<\/p>\n<p>Joyeusement et \u2026 Badmintonement \u2026 &#x1f642;<\/p>\n","protected":false},"excerpt":{"rendered":"<p>Voici quelques informations sur notre club. Ceci r\u00e9pondra \u00e0 une grande partie des questions que se posent l\u00e9gitimement les personnes qui ne nous connaissent pas (et les autres aussi &#x1f642; ) Nous sommes un club \u00e0 100% loisir adulte, et nous ne sommes pas affili\u00e9s \u00e0 la f\u00e9d\u00e9ration. Nous nous retrouvons sur un cr\u00e9neau par &hellip; <a href=\"https:\/\/fdvseyssins.fr\/wordpress\/ouverture-de-la-saison-2017-2018\/\" class=\"more-link\">Continuer la lecture de <span class=\"screen-reader-text\">Ouverture de la Saison 2017-2018<\/span>  <span class=\"meta-nav\">&rarr;<\/span><\/a><\/p>\n","protected":false},"author":1,"featured_media":0,"comment_status":"open","ping_status":"open","sticky":false,"template":"","format":"aside","meta":{"footnotes":""},"categories":[3,73,26],"tags":[36,95],"class_list":["post-698","post","type-post","status-publish","format-aside","hentry","category-creneaux","category-inscriptions","category-lassociation","tag-inscription","tag-saison-2017-2018","post_format-post-format-aside"],"_links":{"self":[{"href":"https:\/\/fdvseyssins.fr\/wordpress\/wp-json\/wp\/v2\/posts\/698","targetHints":{"allow":["GET"]}}],"collection":[{"href":"https:\/\/fdvseyssins.fr\/wordpress\/wp-json\/wp\/v2\/posts"}],"about":[{"href":"https:\/\/fdvseyssins.fr\/wordpress\/wp-json\/wp\/v2\/types\/post"}],"author":[{"embeddable":true,"href":"https:\/\/fdvseyssins.fr\/wordpress\/wp-json\/wp\/v2\/users\/1"}],"replies":[{"embeddable":true,"href":"https:\/\/fdvseyssins.fr\/wordpress\/wp-json\/wp\/v2\/comments?post=698"}],"version-history":[{"count":2,"href":"https:\/\/fdvseyssins.fr\/wordpress\/wp-json\/wp\/v2\/posts\/698\/revisions"}],"predecessor-version":[{"id":701,"href":"https:\/\/fdvseyssins.fr\/wordpress\/wp-json\/wp\/v2\/posts\/698\/revisions\/701"}],"wp:attachment":[{"href":"https:\/\/fdvseyssins.fr\/wordpress\/wp-json\/wp\/v2\/media?parent=698"}],"wp:term":[{"taxonomy":"category","embeddable":true,"href":"https:\/\/fdvseyssins.fr\/wordpress\/wp-json\/wp\/v2\/categories?post=698"},{"taxonomy":"post_tag","embeddable":true,"href":"https:\/\/fdvseyssins.fr\/wordpress\/wp-json\/wp\/v2\/tags?post=698"}],"curies":[{"name":"wp","href":"https:\/\/api.w.org\/{rel}","templated":true}]}}