{"id":679,"date":"2016-09-16T20:45:58","date_gmt":"2016-09-16T18:45:58","guid":{"rendered":"http:\/\/fdvseyssins.fr\/wordpress\/?p=679"},"modified":"2016-09-16T20:45:58","modified_gmt":"2016-09-16T18:45:58","slug":"premiere-synthese-des-inscriptions-a-mi-septembre-2016","status":"publish","type":"post","link":"https:\/\/fdvseyssins.fr\/wordpress\/premiere-synthese-des-inscriptions-a-mi-septembre-2016\/","title":{"rendered":"Premi\u00e8re synth\u00e8se des inscriptions \u00e0 mi septembre (2016)"},"content":{"rendered":"<p>Les membres du bureau de votre club pr\u00e9f\u00e9r\u00e9 se sont r\u00e9unis mercredi 14 septembre en soir\u00e9e (21h &#8211; 23h) chez Gino et Maryse (Merci \u00e0 eux).<\/p>\n<p>Nous avons pu faire (entre autre) la synth\u00e8se des inscriptions et des places encore disponibles dans les cr\u00e9neaux.<\/p>\n<p>Nous pouvons encore accueillir des joueurs dans les cr\u00e9neaux du mardi (20h_22h) et du Mercredi (20h30-22h).<\/p>\n<p>Les autres cr\u00e9neaux sont complets (Lundi, Jeudi et Samedi)<\/p>\n<p>Pour les retardataires \ud83d\ude42 si vous cherchez encore le moyen de vous d\u00e9fouler amicalement en tapant dans un volant, nous vous invitons \u00e0 passer sur l&rsquo;un des cr\u00e9neaux du mardi ou du mercredi pour vous inscrire (mais d\u00e9p\u00eachez vous tout de m\u00eame le nombre de places est limit\u00e9).<\/p>\n<p>Nous vous sugg\u00e9rons \u00e9galement de nous en informer quelques jours avant votre passage par la messagerie de ce merveilleux site.<\/p>\n<p>Bonne saison \u00e0 tous<\/p>\n","protected":false},"excerpt":{"rendered":"<p>Les membres du bureau de votre club pr\u00e9f\u00e9r\u00e9 se sont r\u00e9unis mercredi 14 septembre en soir\u00e9e (21h &#8211; 23h) chez Gino et Maryse (Merci \u00e0 eux). Nous avons pu faire (entre autre) la synth\u00e8se des inscriptions et des places encore disponibles dans les cr\u00e9neaux. Nous pouvons encore accueillir des joueurs dans les cr\u00e9neaux du mardi &hellip; <a href=\"https:\/\/fdvseyssins.fr\/wordpress\/premiere-synthese-des-inscriptions-a-mi-septembre-2016\/\" class=\"more-link\">Continuer la lecture de <span class=\"screen-reader-text\">Premi\u00e8re synth\u00e8se des inscriptions \u00e0 mi septembre (2016)<\/span>  <span class=\"meta-nav\">&rarr;<\/span><\/a><\/p>\n","protected":false},"author":1,"featured_media":0,"comment_status":"open","ping_status":"open","sticky":false,"template":"","format":"aside","meta":{"footnotes":""},"categories":[38,3,73],"tags":[11,36,94],"class_list":["post-679","post","type-post","status-publish","format-aside","hentry","category-bureau-lassociation","category-creneaux","category-inscriptions","tag-creneau","tag-inscription","tag-saison-2016-2017","post_format-post-format-aside"],"_links":{"self":[{"href":"https:\/\/fdvseyssins.fr\/wordpress\/wp-json\/wp\/v2\/posts\/679","targetHints":{"allow":["GET"]}}],"collection":[{"href":"https:\/\/fdvseyssins.fr\/wordpress\/wp-json\/wp\/v2\/posts"}],"about":[{"href":"https:\/\/fdvseyssins.fr\/wordpress\/wp-json\/wp\/v2\/types\/post"}],"author":[{"embeddable":true,"href":"https:\/\/fdvseyssins.fr\/wordpress\/wp-json\/wp\/v2\/users\/1"}],"replies":[{"embeddable":true,"href":"https:\/\/fdvseyssins.fr\/wordpress\/wp-json\/wp\/v2\/comments?post=679"}],"version-history":[{"count":1,"href":"https:\/\/fdvseyssins.fr\/wordpress\/wp-json\/wp\/v2\/posts\/679\/revisions"}],"predecessor-version":[{"id":680,"href":"https:\/\/fdvseyssins.fr\/wordpress\/wp-json\/wp\/v2\/posts\/679\/revisions\/680"}],"wp:attachment":[{"href":"https:\/\/fdvseyssins.fr\/wordpress\/wp-json\/wp\/v2\/media?parent=679"}],"wp:term":[{"taxonomy":"category","embeddable":true,"href":"https:\/\/fdvseyssins.fr\/wordpress\/wp-json\/wp\/v2\/categories?post=679"},{"taxonomy":"post_tag","embeddable":true,"href":"https:\/\/fdvseyssins.fr\/wordpress\/wp-json\/wp\/v2\/tags?post=679"}],"curies":[{"name":"wp","href":"https:\/\/api.w.org\/{rel}","templated":true}]}}