{"id":658,"date":"2016-05-25T20:55:37","date_gmt":"2016-05-25T18:55:37","guid":{"rendered":"http:\/\/fdvseyssins.fr\/wordpress\/?p=658"},"modified":"2016-05-25T20:55:37","modified_gmt":"2016-05-25T18:55:37","slug":"tournoi-de-printemps-2016","status":"publish","type":"post","link":"https:\/\/fdvseyssins.fr\/wordpress\/tournoi-de-printemps-2016\/","title":{"rendered":"Tournoi de Printemps 2016"},"content":{"rendered":"<p>Bonjour,<\/p>\n<p>Le tournoi de printemps du club des Fous du Volant de Seyssins est organis\u00e9 le Samedi 11\/06\/2016 de 9h30 \u00e0 17h.<\/p>\n<p>Rendez-vous \u00e0 9h30 au gymnase Aristide Berges de Seyssinet.<\/p>\n<p>Afin d&rsquo;organiser au mieux cet \u00e9v\u00e8nement incontournable de l&rsquo;ann\u00e9e badminstonistique,<br \/>\nMerci de vous inscrire sur les diff\u00e9rents doodle:<\/p>\n<p>Pour la participation au tournoi :<br \/>\nhttp:\/\/doodle.com\/poll\/676h6wsz82uqesyn<\/p>\n<p>Pour le d\u00e9jeuner de midi :<br \/>\nhttp:\/\/doodle.com\/poll\/vkbczsvur3n5bxpr<\/p>\n<p>Sportivement votre \ud83d\ude42<\/p>\n","protected":false},"excerpt":{"rendered":"<p>Bonjour, Le tournoi de printemps du club des Fous du Volant de Seyssins est organis\u00e9 le Samedi 11\/06\/2016 de 9h30 \u00e0 17h. Rendez-vous \u00e0 9h30 au gymnase Aristide Berges de Seyssinet. Afin d&rsquo;organiser au mieux cet \u00e9v\u00e8nement incontournable de l&rsquo;ann\u00e9e badminstonistique, Merci de vous inscrire sur les diff\u00e9rents doodle: Pour la participation au tournoi : &hellip; <a href=\"https:\/\/fdvseyssins.fr\/wordpress\/tournoi-de-printemps-2016\/\" class=\"more-link\">Continuer la lecture de <span class=\"screen-reader-text\">Tournoi de Printemps 2016<\/span>  <span class=\"meta-nav\">&rarr;<\/span><\/a><\/p>\n","protected":false},"author":1,"featured_media":0,"comment_status":"open","ping_status":"open","sticky":false,"template":"","format":"aside","meta":{"footnotes":""},"categories":[2],"tags":[46,37,13,12,7],"class_list":["post-658","post","type-post","status-publish","format-aside","hentry","category-tournois","tag-aristide-berges","tag-fous-du-volant","tag-seyssinet-pariset","tag-seyssins","tag-tournoi","post_format-post-format-aside"],"_links":{"self":[{"href":"https:\/\/fdvseyssins.fr\/wordpress\/wp-json\/wp\/v2\/posts\/658","targetHints":{"allow":["GET"]}}],"collection":[{"href":"https:\/\/fdvseyssins.fr\/wordpress\/wp-json\/wp\/v2\/posts"}],"about":[{"href":"https:\/\/fdvseyssins.fr\/wordpress\/wp-json\/wp\/v2\/types\/post"}],"author":[{"embeddable":true,"href":"https:\/\/fdvseyssins.fr\/wordpress\/wp-json\/wp\/v2\/users\/1"}],"replies":[{"embeddable":true,"href":"https:\/\/fdvseyssins.fr\/wordpress\/wp-json\/wp\/v2\/comments?post=658"}],"version-history":[{"count":2,"href":"https:\/\/fdvseyssins.fr\/wordpress\/wp-json\/wp\/v2\/posts\/658\/revisions"}],"predecessor-version":[{"id":661,"href":"https:\/\/fdvseyssins.fr\/wordpress\/wp-json\/wp\/v2\/posts\/658\/revisions\/661"}],"wp:attachment":[{"href":"https:\/\/fdvseyssins.fr\/wordpress\/wp-json\/wp\/v2\/media?parent=658"}],"wp:term":[{"taxonomy":"category","embeddable":true,"href":"https:\/\/fdvseyssins.fr\/wordpress\/wp-json\/wp\/v2\/categories?post=658"},{"taxonomy":"post_tag","embeddable":true,"href":"https:\/\/fdvseyssins.fr\/wordpress\/wp-json\/wp\/v2\/tags?post=658"}],"curies":[{"name":"wp","href":"https:\/\/api.w.org\/{rel}","templated":true}]}}