{"id":652,"date":"2016-04-07T21:09:55","date_gmt":"2016-04-07T19:09:55","guid":{"rendered":"http:\/\/fdvseyssins.fr\/wordpress\/?p=652"},"modified":"2016-04-07T21:09:55","modified_gmt":"2016-04-07T19:09:55","slug":"creneau-samedi-16-avril-annule","status":"publish","type":"post","link":"https:\/\/fdvseyssins.fr\/wordpress\/creneau-samedi-16-avril-annule\/","title":{"rendered":"Cr\u00e9neau Samedi 16 avril annul\u00e9"},"content":{"rendered":"<p>Attention : Nous n&rsquo;aurons pas le cr\u00e9neau du Samedi 16 Avril.<br \/>\n(c&rsquo;est le samedi au milieu des vacances)<\/p>\n","protected":false},"excerpt":{"rendered":"<p>Attention : Nous n&rsquo;aurons pas le cr\u00e9neau du Samedi 16 Avril. (c&rsquo;est le samedi au milieu des vacances)<\/p>\n","protected":false},"author":1,"featured_media":0,"comment_status":"open","ping_status":"open","sticky":false,"template":"","format":"aside","meta":{"footnotes":""},"categories":[3,1],"tags":[60,11,72],"class_list":["post-652","post","type-post","status-publish","format-aside","hentry","category-creneaux","category-_divers","tag-annulation","tag-creneau","tag-samedi","post_format-post-format-aside"],"_links":{"self":[{"href":"https:\/\/fdvseyssins.fr\/wordpress\/wp-json\/wp\/v2\/posts\/652","targetHints":{"allow":["GET"]}}],"collection":[{"href":"https:\/\/fdvseyssins.fr\/wordpress\/wp-json\/wp\/v2\/posts"}],"about":[{"href":"https:\/\/fdvseyssins.fr\/wordpress\/wp-json\/wp\/v2\/types\/post"}],"author":[{"embeddable":true,"href":"https:\/\/fdvseyssins.fr\/wordpress\/wp-json\/wp\/v2\/users\/1"}],"replies":[{"embeddable":true,"href":"https:\/\/fdvseyssins.fr\/wordpress\/wp-json\/wp\/v2\/comments?post=652"}],"version-history":[{"count":1,"href":"https:\/\/fdvseyssins.fr\/wordpress\/wp-json\/wp\/v2\/posts\/652\/revisions"}],"predecessor-version":[{"id":653,"href":"https:\/\/fdvseyssins.fr\/wordpress\/wp-json\/wp\/v2\/posts\/652\/revisions\/653"}],"wp:attachment":[{"href":"https:\/\/fdvseyssins.fr\/wordpress\/wp-json\/wp\/v2\/media?parent=652"}],"wp:term":[{"taxonomy":"category","embeddable":true,"href":"https:\/\/fdvseyssins.fr\/wordpress\/wp-json\/wp\/v2\/categories?post=652"},{"taxonomy":"post_tag","embeddable":true,"href":"https:\/\/fdvseyssins.fr\/wordpress\/wp-json\/wp\/v2\/tags?post=652"}],"curies":[{"name":"wp","href":"https:\/\/api.w.org\/{rel}","templated":true}]}}