{"id":65,"date":"2014-09-21T20:47:02","date_gmt":"2014-09-21T18:47:02","guid":{"rendered":"http:\/\/fdvseyssins.fr\/wordpress\/?p=65"},"modified":"2014-10-07T17:37:29","modified_gmt":"2014-10-07T15:37:29","slug":"le-bureau-pour-la-saison-2014-2015","status":"publish","type":"post","link":"https:\/\/fdvseyssins.fr\/wordpress\/le-bureau-pour-la-saison-2014-2015\/","title":{"rendered":"Le bureau pour la saison 2014-2015"},"content":{"rendered":"<p>Les membres du bureau sont \u00e0 votre disposition.<br \/>\nN&rsquo;h\u00e9sitez pas \u00e0 les solliciter pour tout renseignement ou toute suggestion permettant d&rsquo;am\u00e9liorer le fonctionnement de notre association..<br \/>\nIl y en a forc\u00e9ment un dans votre cr\u00e9neau :<\/p>\n<ul>\n<li>Lundi :\n<ul>\n<li>M. No\u00ebl Debauge (Pr\u00e9sident)<\/li>\n<li>M. St\u00e9phane Girerd (Tr\u00e9sorier)<\/li>\n<li>M. Luigi Bufi<\/li>\n<li>M. Paul-Louis Bodin<\/li>\n<li>M. Olivier Nicolas<\/li>\n<li>M. Marc Vaichere<\/li>\n<\/ul>\n<\/li>\n<li>Mercredi :\n<ul>\n<li>M. Luc Santin<\/li>\n<\/ul>\n<\/li>\n<li>Jeudi :\n<ul>\n<li>Mme Audrey Kh\u00e9diri<\/li>\n<li>M. Julien Lelaquet (Secr\u00e9taire)<\/li>\n<li>M. Laurent M\u00e9ary<\/li>\n<\/ul>\n<\/li>\n<li>Samedi :\n<ul>\n<li>Mme Dominique Bidron<\/li>\n<li>M. Olivier Nicolas<\/li>\n<li>M. Luc Santin<\/li>\n<\/ul>\n<\/li>\n<\/ul>\n<p>&nbsp;<\/p>\n","protected":false},"excerpt":{"rendered":"<p>Les membres du bureau sont \u00e0 votre disposition. N&rsquo;h\u00e9sitez pas \u00e0 les solliciter pour tout renseignement ou toute suggestion permettant d&rsquo;am\u00e9liorer le fonctionnement de notre association.. Il y en a forc\u00e9ment un dans votre cr\u00e9neau : Lundi : M. No\u00ebl Debauge (Pr\u00e9sident) M. St\u00e9phane Girerd (Tr\u00e9sorier) M. Luigi Bufi M. Paul-Louis Bodin M. Olivier Nicolas &hellip; <a href=\"https:\/\/fdvseyssins.fr\/wordpress\/le-bureau-pour-la-saison-2014-2015\/\" class=\"more-link\">Continuer la lecture de <span class=\"screen-reader-text\">Le bureau pour la saison 2014-2015<\/span>  <span class=\"meta-nav\">&rarr;<\/span><\/a><\/p>\n","protected":false},"author":1,"featured_media":0,"comment_status":"open","ping_status":"open","sticky":false,"template":"","format":"standard","meta":{"footnotes":""},"categories":[38,3,26],"tags":[6,27],"class_list":["post-65","post","type-post","status-publish","format-standard","hentry","category-bureau-lassociation","category-creneaux","category-lassociation","tag-association","tag-bureau"],"_links":{"self":[{"href":"https:\/\/fdvseyssins.fr\/wordpress\/wp-json\/wp\/v2\/posts\/65","targetHints":{"allow":["GET"]}}],"collection":[{"href":"https:\/\/fdvseyssins.fr\/wordpress\/wp-json\/wp\/v2\/posts"}],"about":[{"href":"https:\/\/fdvseyssins.fr\/wordpress\/wp-json\/wp\/v2\/types\/post"}],"author":[{"embeddable":true,"href":"https:\/\/fdvseyssins.fr\/wordpress\/wp-json\/wp\/v2\/users\/1"}],"replies":[{"embeddable":true,"href":"https:\/\/fdvseyssins.fr\/wordpress\/wp-json\/wp\/v2\/comments?post=65"}],"version-history":[{"count":1,"href":"https:\/\/fdvseyssins.fr\/wordpress\/wp-json\/wp\/v2\/posts\/65\/revisions"}],"predecessor-version":[{"id":66,"href":"https:\/\/fdvseyssins.fr\/wordpress\/wp-json\/wp\/v2\/posts\/65\/revisions\/66"}],"wp:attachment":[{"href":"https:\/\/fdvseyssins.fr\/wordpress\/wp-json\/wp\/v2\/media?parent=65"}],"wp:term":[{"taxonomy":"category","embeddable":true,"href":"https:\/\/fdvseyssins.fr\/wordpress\/wp-json\/wp\/v2\/categories?post=65"},{"taxonomy":"post_tag","embeddable":true,"href":"https:\/\/fdvseyssins.fr\/wordpress\/wp-json\/wp\/v2\/tags?post=65"}],"curies":[{"name":"wp","href":"https:\/\/api.w.org\/{rel}","templated":true}]}}