{"id":400,"date":"2015-04-01T22:49:02","date_gmt":"2015-04-01T20:49:02","guid":{"rendered":"http:\/\/fdvseyssins.fr\/wordpress\/?p=400"},"modified":"2015-04-01T22:49:02","modified_gmt":"2015-04-01T20:49:02","slug":"annulation-du-creneau-du-samedi-25042015","status":"publish","type":"post","link":"https:\/\/fdvseyssins.fr\/wordpress\/annulation-du-creneau-du-samedi-25042015\/","title":{"rendered":"Annulation du cr\u00e9neau du samedi 25\/04\/2015"},"content":{"rendered":"<p>La s\u00e9ance d&rsquo;entrainement du 25\/04\/2015 au gymnase A. Berg\u00e8s est annul\u00e9 en raison d&rsquo;une comp\u00e9tition de gymnastique.<\/p>\n","protected":false},"excerpt":{"rendered":"<p>La s\u00e9ance d&rsquo;entrainement du 25\/04\/2015 au gymnase A. Berg\u00e8s est annul\u00e9 en raison d&rsquo;une comp\u00e9tition de gymnastique.<\/p>\n","protected":false},"author":1,"featured_media":0,"comment_status":"open","ping_status":"open","sticky":false,"template":"","format":"aside","meta":{"footnotes":""},"categories":[3],"tags":[60,11,72],"class_list":["post-400","post","type-post","status-publish","format-aside","hentry","category-creneaux","tag-annulation","tag-creneau","tag-samedi","post_format-post-format-aside"],"_links":{"self":[{"href":"https:\/\/fdvseyssins.fr\/wordpress\/wp-json\/wp\/v2\/posts\/400","targetHints":{"allow":["GET"]}}],"collection":[{"href":"https:\/\/fdvseyssins.fr\/wordpress\/wp-json\/wp\/v2\/posts"}],"about":[{"href":"https:\/\/fdvseyssins.fr\/wordpress\/wp-json\/wp\/v2\/types\/post"}],"author":[{"embeddable":true,"href":"https:\/\/fdvseyssins.fr\/wordpress\/wp-json\/wp\/v2\/users\/1"}],"replies":[{"embeddable":true,"href":"https:\/\/fdvseyssins.fr\/wordpress\/wp-json\/wp\/v2\/comments?post=400"}],"version-history":[{"count":1,"href":"https:\/\/fdvseyssins.fr\/wordpress\/wp-json\/wp\/v2\/posts\/400\/revisions"}],"predecessor-version":[{"id":401,"href":"https:\/\/fdvseyssins.fr\/wordpress\/wp-json\/wp\/v2\/posts\/400\/revisions\/401"}],"wp:attachment":[{"href":"https:\/\/fdvseyssins.fr\/wordpress\/wp-json\/wp\/v2\/media?parent=400"}],"wp:term":[{"taxonomy":"category","embeddable":true,"href":"https:\/\/fdvseyssins.fr\/wordpress\/wp-json\/wp\/v2\/categories?post=400"},{"taxonomy":"post_tag","embeddable":true,"href":"https:\/\/fdvseyssins.fr\/wordpress\/wp-json\/wp\/v2\/tags?post=400"}],"curies":[{"name":"wp","href":"https:\/\/api.w.org\/{rel}","templated":true}]}}