{"id":372,"date":"2015-02-12T09:10:24","date_gmt":"2015-02-12T08:10:24","guid":{"rendered":"http:\/\/fdvseyssins.fr\/wordpress\/?p=372"},"modified":"2019-02-27T21:17:16","modified_gmt":"2019-02-27T20:17:16","slug":"annulation-14022015-et-modification-21022015-de-creneau-a-aristide-berges","status":"publish","type":"post","link":"https:\/\/fdvseyssins.fr\/wordpress\/annulation-14022015-et-modification-21022015-de-creneau-a-aristide-berges\/","title":{"rendered":"Annulation (14\/02\/2015) et modification (21\/02\/2015) de cr\u00e9neau \u00e0 Aristide Berg\u00e8s"},"content":{"rendered":"<p>Attention, le calendrier est tr\u00e8s perturb\u00e9 pour les entrainements de badminton\u00a0du samedi au\u00a0Gymnase Aristide Berg\u00e8s.<\/p>\n<p>Suivez bien l&rsquo;actualit\u00e9 du site et vos e-mails !<\/p>\n<p style=\"padding-left: 30px;\">14\/02\/2015 : Pas de badminton !<\/p>\n<p style=\"padding-left: 30px;\">21\/02\/2015 : Cr\u00e9neau de 8.00 \u00e0 10.00<\/p>\n","protected":false},"excerpt":{"rendered":"<p>Attention, le calendrier est tr\u00e8s perturb\u00e9 pour les entrainements de badminton\u00a0du samedi au\u00a0Gymnase Aristide Berg\u00e8s. Suivez bien l&rsquo;actualit\u00e9 du site et vos e-mails ! 14\/02\/2015 : Pas de badminton ! 21\/02\/2015 : Cr\u00e9neau de 8.00 \u00e0 10.00<\/p>\n","protected":false},"author":1,"featured_media":375,"comment_status":"open","ping_status":"open","sticky":false,"template":"","format":"standard","meta":{"footnotes":""},"categories":[3],"tags":[46,5,11,72],"class_list":["post-372","post","type-post","status-publish","format-standard","has-post-thumbnail","hentry","category-creneaux","tag-aristide-berges","tag-badminton","tag-creneau","tag-samedi"],"_links":{"self":[{"href":"https:\/\/fdvseyssins.fr\/wordpress\/wp-json\/wp\/v2\/posts\/372","targetHints":{"allow":["GET"]}}],"collection":[{"href":"https:\/\/fdvseyssins.fr\/wordpress\/wp-json\/wp\/v2\/posts"}],"about":[{"href":"https:\/\/fdvseyssins.fr\/wordpress\/wp-json\/wp\/v2\/types\/post"}],"author":[{"embeddable":true,"href":"https:\/\/fdvseyssins.fr\/wordpress\/wp-json\/wp\/v2\/users\/1"}],"replies":[{"embeddable":true,"href":"https:\/\/fdvseyssins.fr\/wordpress\/wp-json\/wp\/v2\/comments?post=372"}],"version-history":[{"count":2,"href":"https:\/\/fdvseyssins.fr\/wordpress\/wp-json\/wp\/v2\/posts\/372\/revisions"}],"predecessor-version":[{"id":379,"href":"https:\/\/fdvseyssins.fr\/wordpress\/wp-json\/wp\/v2\/posts\/372\/revisions\/379"}],"wp:featuredmedia":[{"embeddable":true,"href":"https:\/\/fdvseyssins.fr\/wordpress\/wp-json\/wp\/v2\/media\/375"}],"wp:attachment":[{"href":"https:\/\/fdvseyssins.fr\/wordpress\/wp-json\/wp\/v2\/media?parent=372"}],"wp:term":[{"taxonomy":"category","embeddable":true,"href":"https:\/\/fdvseyssins.fr\/wordpress\/wp-json\/wp\/v2\/categories?post=372"},{"taxonomy":"post_tag","embeddable":true,"href":"https:\/\/fdvseyssins.fr\/wordpress\/wp-json\/wp\/v2\/tags?post=372"}],"curies":[{"name":"wp","href":"https:\/\/api.w.org\/{rel}","templated":true}]}}