{"id":326,"date":"2015-01-13T19:55:18","date_gmt":"2015-01-13T18:55:18","guid":{"rendered":"http:\/\/fdvseyssins.fr\/wordpress\/?p=326"},"modified":"2015-01-15T08:59:09","modified_gmt":"2015-01-15T07:59:09","slug":"pas-de-badminton-le-17012015","status":"publish","type":"post","link":"https:\/\/fdvseyssins.fr\/wordpress\/pas-de-badminton-le-17012015\/","title":{"rendered":"Pas de badminton le 17\/01\/2015"},"content":{"rendered":"<p>Le cr\u00e9neau du samedi 17\/01\/2015 \u00e0 Aristide Berg\u00e8s est annul\u00e9.<\/p>\n<p>La halle Belledone sera occup\u00e9e par un tournoi de futsal.<\/p>\n<p>;_;<\/p>\n","protected":false},"excerpt":{"rendered":"<p>Le cr\u00e9neau du samedi 17\/01\/2015 \u00e0 Aristide Berg\u00e8s est annul\u00e9. La halle Belledone sera occup\u00e9e par un tournoi de futsal. ;_;<\/p>\n","protected":false},"author":1,"featured_media":0,"comment_status":"open","ping_status":"open","sticky":false,"template":"","format":"standard","meta":{"footnotes":""},"categories":[3],"tags":[60,46,11,13],"class_list":["post-326","post","type-post","status-publish","format-standard","hentry","category-creneaux","tag-annulation","tag-aristide-berges","tag-creneau","tag-seyssinet-pariset"],"_links":{"self":[{"href":"https:\/\/fdvseyssins.fr\/wordpress\/wp-json\/wp\/v2\/posts\/326","targetHints":{"allow":["GET"]}}],"collection":[{"href":"https:\/\/fdvseyssins.fr\/wordpress\/wp-json\/wp\/v2\/posts"}],"about":[{"href":"https:\/\/fdvseyssins.fr\/wordpress\/wp-json\/wp\/v2\/types\/post"}],"author":[{"embeddable":true,"href":"https:\/\/fdvseyssins.fr\/wordpress\/wp-json\/wp\/v2\/users\/1"}],"replies":[{"embeddable":true,"href":"https:\/\/fdvseyssins.fr\/wordpress\/wp-json\/wp\/v2\/comments?post=326"}],"version-history":[{"count":1,"href":"https:\/\/fdvseyssins.fr\/wordpress\/wp-json\/wp\/v2\/posts\/326\/revisions"}],"predecessor-version":[{"id":327,"href":"https:\/\/fdvseyssins.fr\/wordpress\/wp-json\/wp\/v2\/posts\/326\/revisions\/327"}],"wp:attachment":[{"href":"https:\/\/fdvseyssins.fr\/wordpress\/wp-json\/wp\/v2\/media?parent=326"}],"wp:term":[{"taxonomy":"category","embeddable":true,"href":"https:\/\/fdvseyssins.fr\/wordpress\/wp-json\/wp\/v2\/categories?post=326"},{"taxonomy":"post_tag","embeddable":true,"href":"https:\/\/fdvseyssins.fr\/wordpress\/wp-json\/wp\/v2\/tags?post=326"}],"curies":[{"name":"wp","href":"https:\/\/api.w.org\/{rel}","templated":true}]}}