{"id":1833,"date":"2026-08-31T10:22:51","date_gmt":"2026-08-31T08:22:51","guid":{"rendered":"https:\/\/fdvseyssins.fr\/wordpress\/?p=1833"},"modified":"2026-08-31T10:22:51","modified_gmt":"2026-08-31T08:22:51","slug":"inscriptions-au-forum-de-la-vie-associative-le-05-09-2026","status":"publish","type":"post","link":"https:\/\/fdvseyssins.fr\/wordpress\/inscriptions-au-forum-de-la-vie-associative-le-05-09-2026\/","title":{"rendered":"Inscriptions au forum de la vie associative le 05\/09\/2026"},"content":{"rendered":"<h2 class=\"wp-block-post-title\">Inscriptions au forum de la vie associative le 05\/09\/2026<\/h2>\n\n\n<p class=\"wp-block-paragraph\">Le badminton en loisir vous tente ? <\/p>\n\n\n\n<p class=\"wp-block-paragraph\">Pour la saison 2026-2027. Il reste quelques places, surtout sur nos cr\u00e9neaux :<\/p>\n\n\n\n<ul class=\"wp-block-list\">\n<li>Lundi de 20h00 \u00e0 22h00 au gymnase Jean Beauvallet de Seyssins<\/li>\n\n\n\n<li>Mardi de 20h00 \u00e0 22h00 au gymnase Jean Beauvallet de Seyssins<\/li>\n\n\n\n<li>Samedi de 10h00 \u00e0 12h00 au gymnase Aristide Berg\u00e8s de Seyssinet-Pariset.<\/li>\n<\/ul>\n\n\n\n<p class=\"wp-block-paragraph\">Les inscriptions seront ouvertes lors du\u00a0<a href=\"https:\/\/www.seyssins.fr\/agenda\/622\/19-forum-de-la-vie-associative.htm\">forum de la vie associative\u00a0<\/a> de Seyssins qui se tiendra au Prisme le 05\/09\/2026 \u00e0 partir de 13h00.<\/p>\n\n\n\n<p class=\"wp-block-paragraph\">Apr\u00e8s cette date il faudra passer nous voir dans nos cr\u00e9neaux. L&rsquo;inscription sera peut-\u00eatre encore possible mais ce n&rsquo;est pas s\u00fbr.<\/p>\n\n\n\n<p class=\"wp-block-paragraph\">Plus d\u2019information sur :<\/p>\n\n\n\n<ul class=\"wp-block-list\">\n<li>les conditions d\u2019adh\u00e9sion\u00a0<a href=\"https:\/\/fdvseyssins.fr\/wordpress\/accueil\/adherer\/\">ici<\/a>.<\/li>\n\n\n\n<li>les cr\u00e9neaux\u00a0<a href=\"https:\/\/fdvseyssins.fr\/wordpress\/creneaux\/\">ici<\/a>.<\/li>\n\n\n\n<li>la charte du club\u00a0<a href=\"https:\/\/fdvseyssins.fr\/wordpress\/accueil\/la-charte\/\">ici<\/a>.<\/li>\n\n\n\n<li>les statuts et le r\u00e8glement int\u00e9rieur <a href=\"https:\/\/fdvseyssins.fr\/wordpress\/accueil\/statuts\/\" data-type=\"page\" data-id=\"637\">ici<\/a>.<\/li>\n<\/ul>\n","protected":false},"excerpt":{"rendered":"<p>Le badminton en loisir vous tente ? Pour la saison 2026-2027. Il reste quelques places, surtout sur nos cr\u00e9neaux : Les inscriptions seront ouvertes lors du\u00a0forum de la vie associative\u00a0 de Seyssins qui se tiendra au Prisme le 05\/09\/2026 \u00e0 partir de 13h00. Apr\u00e8s cette date il faudra passer nous voir dans nos cr\u00e9neaux. L&rsquo;inscription &hellip; <a href=\"https:\/\/fdvseyssins.fr\/wordpress\/inscriptions-au-forum-de-la-vie-associative-le-05-09-2026\/\" class=\"more-link\">Continuer la lecture de <span class=\"screen-reader-text\">Inscriptions au forum de la vie associative le 05\/09\/2026<\/span>  <span class=\"meta-nav\">&rarr;<\/span><\/a><\/p>\n","protected":false},"author":1,"featured_media":1281,"comment_status":"open","ping_status":"","sticky":false,"template":"","format":"aside","meta":{"footnotes":""},"categories":[1,73,26],"tags":[62,109,36,163],"class_list":["post-1833","post","type-post","status-publish","format-aside","has-post-thumbnail","hentry","category-_divers","category-inscriptions","category-lassociation","tag-a-la-une","tag-dernierenouvelle","tag-inscription","tag-saison-2026-2027","post_format-post-format-aside"],"_links":{"self":[{"href":"https:\/\/fdvseyssins.fr\/wordpress\/wp-json\/wp\/v2\/posts\/1833","targetHints":{"allow":["GET"]}}],"collection":[{"href":"https:\/\/fdvseyssins.fr\/wordpress\/wp-json\/wp\/v2\/posts"}],"about":[{"href":"https:\/\/fdvseyssins.fr\/wordpress\/wp-json\/wp\/v2\/types\/post"}],"author":[{"embeddable":true,"href":"https:\/\/fdvseyssins.fr\/wordpress\/wp-json\/wp\/v2\/users\/1"}],"replies":[{"embeddable":true,"href":"https:\/\/fdvseyssins.fr\/wordpress\/wp-json\/wp\/v2\/comments?post=1833"}],"version-history":[{"count":2,"href":"https:\/\/fdvseyssins.fr\/wordpress\/wp-json\/wp\/v2\/posts\/1833\/revisions"}],"predecessor-version":[{"id":1836,"href":"https:\/\/fdvseyssins.fr\/wordpress\/wp-json\/wp\/v2\/posts\/1833\/revisions\/1836"}],"wp:featuredmedia":[{"embeddable":true,"href":"https:\/\/fdvseyssins.fr\/wordpress\/wp-json\/wp\/v2\/media\/1281"}],"wp:attachment":[{"href":"https:\/\/fdvseyssins.fr\/wordpress\/wp-json\/wp\/v2\/media?parent=1833"}],"wp:term":[{"taxonomy":"category","embeddable":true,"href":"https:\/\/fdvseyssins.fr\/wordpress\/wp-json\/wp\/v2\/categories?post=1833"},{"taxonomy":"post_tag","embeddable":true,"href":"https:\/\/fdvseyssins.fr\/wordpress\/wp-json\/wp\/v2\/tags?post=1833"}],"curies":[{"name":"wp","href":"https:\/\/api.w.org\/{rel}","templated":true}]}}