{"id":1100,"date":"2021-08-30T22:45:53","date_gmt":"2021-08-30T20:45:53","guid":{"rendered":"http:\/\/fdvseyssins.fr\/wordpress\/?p=1100"},"modified":"2021-08-30T22:45:53","modified_gmt":"2021-08-30T20:45:53","slug":"ouverture-de-la-saison-2021-2022","status":"publish","type":"post","link":"https:\/\/fdvseyssins.fr\/wordpress\/ouverture-de-la-saison-2021-2022\/","title":{"rendered":"Ouverture de la Saison 2021-2022"},"content":{"rendered":"<p>Les activit\u00e9s reprennent apr\u00e8s une p\u00e9riode un peu &#8230; particuli\u00e8re.<br \/>\nSouhaitons que cela se confirme sur le long terme.<\/p>\n<p>Cette ann\u00e9e, comme les pr\u00e9c\u00e9dentes, les inscriptions seront prises lors du forum des associations de Seyssins qui est pr\u00e9vu le 4 septembre au Prisme (pass sanitaire requis \u00e0 l&rsquo;entr\u00e9e et masque \u00e0 l&rsquo;int\u00e9rieur).<\/p>\n<p>Comme l\u2019an pass\u00e9, voici quelques informations sur notre club qui devraient r\u00e9pondre \u00e0 une grande partie des questions que se posent l\u00e9gitimement les personnes qui ne nous connaissent pas (et les autres aussi &#x1f642; )<\/p>\n<h1><strong>Pr\u00e9sentation du club<\/strong><\/h1>\n<p>Nous sommes un club \u00e0 100% loisir adulte, et nous ne sommes pas affili\u00e9s \u00e0 la f\u00e9d\u00e9ration.<br \/>\nNous nous retrouvons sur un cr\u00e9neau par semaine pour jouer ensemble.<\/p>\n<p>Nous n\u2019assurons pas de cours, mais les \u00ab anciens \u00bb sont toujours pr\u00eats \u00e0 donner quelques conseils aux nouveaux joueurs.<\/p>\n<p>Nous n\u2019encadrons pas les mineurs.<br \/>\nLes mineurs peuvent s\u2019inscrire avec leurs parents et restent sous la responsabilit\u00e9 des parents.<br \/>\nNous d\u00e9conseillons l\u2019inscription aux enfants de moins de 15 ans<\/p>\n<p>Pour cette saison (2021-2022) les cr\u00e9neaux disponibles sont :<\/p>\n<p>Gymnase Jean Beauvallet \u00e0 Seyssins<br \/>\n&#8211; le lundi de 20h\u00e0 22h<br \/>\n&#8211; le mardi de 20h \u00e0 22h<br \/>\n&#8211; le mercredi de 20h30 \u00e0 22h<br \/>\n&#8211; le jeudi de 20 \u00e0 22h<\/p>\n<p>Gymnase Aristide Berges \u00e0 Seyssinet<br \/>\n&#8211; le samedi de 10h \u00e0 12h<\/p>\n<p>Les joueurs s\u2019inscrivent sur un cr\u00e9neau et doivent s\u2019y tenir<br \/>\n(sauf cas exceptionnels g\u00e9r\u00e9s par le bureau\u2026)<\/p>\n<p>Comme tous les ans, nous limiterons le nombre d\u2019inscription \u00e0 chaque cr\u00e9neau.<br \/>\nHabituellement, les cr\u00e9neaux sont remplis d\u00e8s le forum des associations de Seyssins.<\/p>\n<h1><strong>Tournois internes<\/strong><\/h1>\n<p>Pour permettre aux adh\u00e9rents des diff\u00e9rents cr\u00e9neaux de se rencontrer, nous organisons g\u00e9n\u00e9ralement un tournoi par trimestre.<br \/>\nCes tournois sont internes au club et m\u00eame si nous avons tous envie de gagner contre nos copains et copines (oui les matchs sont le plus souvent mixtes)\u2026 les matchs restent amicaux (enfin\u2026 normalement &#x1f642; ).<\/p>\n<p>Les dates de ces tournois seront communiqu\u00e9es ult\u00e9rieurement, une fois que les r\u00e9servations seront valid\u00e9es avec la mairie.<\/p>\n<h1>Modalit\u00e9s d\u2019inscription:<\/h1>\n<p>Les nouvelles inscriptions se font pendant le forum des associations de Seyssins.<br \/>\nIl est pr\u00e9vu cette ann\u00e9e le 4 septembre (2021) au Prisme de Seyssins<\/p>\n<p>Si \u00e0 l\u2019issue du forum, il reste des places disponibles, vous pourrez vous inscrire en venant directement sur le cr\u00e9neau qui vous int\u00e9resse.<br \/>\nNous vous invitons \u00e0 prendre contact avec nous (par la messagerie de ce site) pour v\u00e9rifier s\u2019il reste de la place sur les cr\u00e9neaux.<\/p>\n<p>Pour enregistrer la demande d\u2019inscription, il vous sera demand\u00e9 un ch\u00e8que du montant de l\u2019adh\u00e9sion.<\/p>\n<p>Cette ann\u00e9e l\u2019adh\u00e9sion est de 60 Euro par adulte.<br \/>\nIl n\u2019y a pas de tarif \u00ab groupe \u00bb ni \u00ab Famille \u00bb.<\/p>\n<p>Les adh\u00e9rents de la saison pr\u00e9c\u00e9dente (2020-2021) \u00e0 jour de leur cotisation ont un avoir de 60 euro (donc inscription \u00e0 0\u20ac pour cette saison)<\/p>\n<h1>Certificat m\u00e9dical<\/h1>\n<p>Un certificat m\u00e9dical de non contre-indication au badminton est indispensable pour valider toute nouvelle inscription.<br \/>\nIl est souhaitable que ce certificat soit remis lors de l\u2019inscription, nous acceptons qu\u2019il soit fourni avant la fin septembre.<br \/>\nSans certificat m\u00e9dical fourni fin septembre, l\u2019inscription sera annul\u00e9e et la place attribu\u00e9e \u00e0 une personne en liste d\u2019attente.<\/p>\n<p>Pour rappel, maintenant, les certificats m\u00e9dicaux sont valables 3 ans<br \/>\n<strong>DANS LE CADRE DES RE-INSCRIPTIONS UNIQUEMENT.<\/strong><\/p>\n<p>Pour les adh\u00e9rents souhaitant renouveler leur inscription de 2010-2021, si vous nous avez fourni un certificat m\u00e9dical en septembre 2010 ou en septembre 2019, il est encore valide.<\/p>\n<p>Pour valider votre r\u00e9inscription, il vous faut remplir, signer et nous remettre le questionnaire de sant\u00e9 que vous trouverez en suivant ce lien : <a href=\"https:\/\/fdvseyssins.fr\/wordpress\/wp-content\/uploads\/2018\/09\/FFBaD_QUESTIONNAIRE_SANTE_2017-2018.pdf\">FFBaD_QUESTIONNAIRE_SANTE<\/a>.<\/p>\n<p>Ce questionnaire a pour but de vous faire estimer si vous avez besoin de voir un m\u00e9decin avant de recommencer une nouvelle saison.<\/p>\n<p>Un certificat vous sera demand\u00e9 apr\u00e8s 3 ans de pratique.<br \/>\nC\u2019est \u00e0 dire, que si votre certificat nous a \u00e9t\u00e9 fourni avant septembre 2019, vous devez imp\u00e9rativement nous en fournir un nouveau datant de moins de 3 mois.<\/p>\n<p>Joyeusement et \u2026 Badmintonement \u2026 &#x1f642;<\/p>\n","protected":false},"excerpt":{"rendered":"<p>Les activit\u00e9s reprennent apr\u00e8s une p\u00e9riode un peu &#8230; particuli\u00e8re. Souhaitons que cela se confirme sur le long terme. Cette ann\u00e9e, comme les pr\u00e9c\u00e9dentes, les inscriptions seront prises lors du forum des associations de Seyssins qui est pr\u00e9vu le 4 septembre au Prisme (pass sanitaire requis \u00e0 l&rsquo;entr\u00e9e et masque \u00e0 l&rsquo;int\u00e9rieur). Comme l\u2019an pass\u00e9, &hellip; <a href=\"https:\/\/fdvseyssins.fr\/wordpress\/ouverture-de-la-saison-2021-2022\/\" class=\"more-link\">Continuer la lecture de <span class=\"screen-reader-text\">Ouverture de la Saison 2021-2022<\/span>  <span class=\"meta-nav\">&rarr;<\/span><\/a><\/p>\n","protected":false},"author":1,"featured_media":8,"comment_status":"open","ping_status":"open","sticky":false,"template":"","format":"aside","meta":{"footnotes":""},"categories":[1,73],"tags":[62,11,109,36,113],"class_list":["post-1100","post","type-post","status-publish","format-aside","has-post-thumbnail","hentry","category-_divers","category-inscriptions","tag-a-la-une","tag-creneau","tag-dernierenouvelle","tag-inscription","tag-saison-2021-2022","post_format-post-format-aside"],"_links":{"self":[{"href":"https:\/\/fdvseyssins.fr\/wordpress\/wp-json\/wp\/v2\/posts\/1100","targetHints":{"allow":["GET"]}}],"collection":[{"href":"https:\/\/fdvseyssins.fr\/wordpress\/wp-json\/wp\/v2\/posts"}],"about":[{"href":"https:\/\/fdvseyssins.fr\/wordpress\/wp-json\/wp\/v2\/types\/post"}],"author":[{"embeddable":true,"href":"https:\/\/fdvseyssins.fr\/wordpress\/wp-json\/wp\/v2\/users\/1"}],"replies":[{"embeddable":true,"href":"https:\/\/fdvseyssins.fr\/wordpress\/wp-json\/wp\/v2\/comments?post=1100"}],"version-history":[{"count":3,"href":"https:\/\/fdvseyssins.fr\/wordpress\/wp-json\/wp\/v2\/posts\/1100\/revisions"}],"predecessor-version":[{"id":1104,"href":"https:\/\/fdvseyssins.fr\/wordpress\/wp-json\/wp\/v2\/posts\/1100\/revisions\/1104"}],"wp:featuredmedia":[{"embeddable":true,"href":"https:\/\/fdvseyssins.fr\/wordpress\/wp-json\/wp\/v2\/media\/8"}],"wp:attachment":[{"href":"https:\/\/fdvseyssins.fr\/wordpress\/wp-json\/wp\/v2\/media?parent=1100"}],"wp:term":[{"taxonomy":"category","embeddable":true,"href":"https:\/\/fdvseyssins.fr\/wordpress\/wp-json\/wp\/v2\/categories?post=1100"},{"taxonomy":"post_tag","embeddable":true,"href":"https:\/\/fdvseyssins.fr\/wordpress\/wp-json\/wp\/v2\/tags?post=1100"}],"curies":[{"name":"wp","href":"https:\/\/api.w.org\/{rel}","templated":true}]}}