{"id":1000,"date":"2019-10-11T09:33:23","date_gmt":"2019-10-11T07:33:23","guid":{"rendered":"http:\/\/fdvseyssins.fr\/wordpress\/?p=1000"},"modified":"2019-10-11T09:33:23","modified_gmt":"2019-10-11T07:33:23","slug":"annulation-de-creneaux","status":"publish","type":"post","link":"https:\/\/fdvseyssins.fr\/wordpress\/annulation-de-creneaux\/","title":{"rendered":"Annulation de cr\u00e9neaux"},"content":{"rendered":"<p>Nous venons d&rsquo;apprendre que le SIRD avait attribu\u00e9 les gymnase A. Berges \u00e0 des comp\u00e9titions.<br \/>\nEn cons\u00e9quence, les s\u00e9ances des 3 samedi suivants sont annul\u00e9es :<br \/>\n&#8211; Samedi 23 Novembre 2019<br \/>\n&#8211; Samedi 30 Novembre 2019<br \/>\n&#8211; Samedi 07 D\u00e9cembre 2019<\/p>\n<p>Nous en sommes d\u00e9sol\u00e9, mais comme nous le savons tous, la priorit\u00e9 est donn\u00e9e aux comp\u00e9titions dans ce gymnase.<\/p>\n<p>Bien entendu, pendant ces semaines l\u00e0, les joueurs du samedi pourront se venir jouer (en se r\u00e9partissant) dans les autres s\u00e9ances en remplacement.<\/p>\n<p><a href=\"https:\/\/fdvseyssins.fr\/wordpress\/wp-content\/uploads\/2019\/10\/ANNULATION-CRENEAUX-Nov2019.jpg\"><img loading=\"lazy\" decoding=\"async\" class=\"aligncenter size-full wp-image-1010\" src=\"https:\/\/fdvseyssins.fr\/wordpress\/wp-content\/uploads\/2019\/10\/ANNULATION-CRENEAUX-Nov2019.jpg\" alt=\"\" width=\"405\" height=\"597\" srcset=\"https:\/\/fdvseyssins.fr\/wordpress\/wp-content\/uploads\/2019\/10\/ANNULATION-CRENEAUX-Nov2019.jpg 405w, https:\/\/fdvseyssins.fr\/wordpress\/wp-content\/uploads\/2019\/10\/ANNULATION-CRENEAUX-Nov2019-102x150.jpg 102w, https:\/\/fdvseyssins.fr\/wordpress\/wp-content\/uploads\/2019\/10\/ANNULATION-CRENEAUX-Nov2019-204x300.jpg 204w\" sizes=\"auto, (max-width: 405px) 100vw, 405px\" \/><\/a><\/p>\n","protected":false},"excerpt":{"rendered":"<p>Nous venons d&rsquo;apprendre que le SIRD avait attribu\u00e9 les gymnase A. Berges \u00e0 des comp\u00e9titions. En cons\u00e9quence, les s\u00e9ances des 3 samedi suivants sont annul\u00e9es : &#8211; Samedi 23 Novembre 2019 &#8211; Samedi 30 Novembre 2019 &#8211; Samedi 07 D\u00e9cembre 2019 Nous en sommes d\u00e9sol\u00e9, mais comme nous le savons tous, la priorit\u00e9 est donn\u00e9e &hellip; <a href=\"https:\/\/fdvseyssins.fr\/wordpress\/annulation-de-creneaux\/\" class=\"more-link\">Continuer la lecture de <span class=\"screen-reader-text\">Annulation de cr\u00e9neaux<\/span>  <span class=\"meta-nav\">&rarr;<\/span><\/a><\/p>\n","protected":false},"author":1,"featured_media":375,"comment_status":"open","ping_status":"open","sticky":false,"template":"","format":"aside","meta":{"footnotes":""},"categories":[3],"tags":[62,60,109,110,72],"class_list":["post-1000","post","type-post","status-publish","format-aside","has-post-thumbnail","hentry","category-creneaux","tag-a-la-une","tag-annulation","tag-dernierenouvelle","tag-saison-2019-2020","tag-samedi","post_format-post-format-aside"],"_links":{"self":[{"href":"https:\/\/fdvseyssins.fr\/wordpress\/wp-json\/wp\/v2\/posts\/1000","targetHints":{"allow":["GET"]}}],"collection":[{"href":"https:\/\/fdvseyssins.fr\/wordpress\/wp-json\/wp\/v2\/posts"}],"about":[{"href":"https:\/\/fdvseyssins.fr\/wordpress\/wp-json\/wp\/v2\/types\/post"}],"author":[{"embeddable":true,"href":"https:\/\/fdvseyssins.fr\/wordpress\/wp-json\/wp\/v2\/users\/1"}],"replies":[{"embeddable":true,"href":"https:\/\/fdvseyssins.fr\/wordpress\/wp-json\/wp\/v2\/comments?post=1000"}],"version-history":[{"count":2,"href":"https:\/\/fdvseyssins.fr\/wordpress\/wp-json\/wp\/v2\/posts\/1000\/revisions"}],"predecessor-version":[{"id":1011,"href":"https:\/\/fdvseyssins.fr\/wordpress\/wp-json\/wp\/v2\/posts\/1000\/revisions\/1011"}],"wp:featuredmedia":[{"embeddable":true,"href":"https:\/\/fdvseyssins.fr\/wordpress\/wp-json\/wp\/v2\/media\/375"}],"wp:attachment":[{"href":"https:\/\/fdvseyssins.fr\/wordpress\/wp-json\/wp\/v2\/media?parent=1000"}],"wp:term":[{"taxonomy":"category","embeddable":true,"href":"https:\/\/fdvseyssins.fr\/wordpress\/wp-json\/wp\/v2\/categories?post=1000"},{"taxonomy":"post_tag","embeddable":true,"href":"https:\/\/fdvseyssins.fr\/wordpress\/wp-json\/wp\/v2\/tags?post=1000"}],"curies":[{"name":"wp","href":"https:\/\/api.w.org\/{rel}","templated":true}]}}